{"id":31579,"date":"2020-03-31T19:21:42","date_gmt":"2020-03-31T19:21:42","guid":{"rendered":"https:\/\/ucmp.de\/?p=31579"},"modified":"2020-09-13T21:48:37","modified_gmt":"2020-09-13T21:48:37","slug":"zeitweilige-einstellung-des-geschaeftsbetriebs-aufgrund-der-coronakrise","status":"publish","type":"post","link":"https:\/\/ucmp.de\/de\/zeitweilige-einstellung-des-geschaeftsbetriebs-aufgrund-der-coronakrise\/","title":{"rendered":"Zeitweilige Einstellung des Gesch\u00e4ftsbetriebs Aufgrund der Coronakrise"},"content":{"rendered":"<div class=\"wpb-content-wrapper\"><p>[vc_row][vc_column][vc_column_text]<span style=\"font-family: arial, helvetica, sans-serif;\">Aufgrund der aktuellen <\/span><strong style=\"font-family: arial, helvetica, sans-serif;\">Coronakrise<\/strong><span style=\"font-family: arial, helvetica, sans-serif;\">, hervorgerufen durch den\u00a0<\/span><strong><span style=\"font-family: arial, helvetica, sans-serif;\">Virus Sars-CoV-2 <\/span><\/strong><span style=\"font-family: arial, helvetica, sans-serif;\">und die daraus\u00a0resultierende\u00a0Lungenkrankheit <\/span><strong><span style=\"font-family: arial, helvetica, sans-serif;\">Covid-19<\/span><\/strong><span style=\"font-family: arial, helvetica, sans-serif;\">, und der daraus folgenden Ausnahmesituation sowie dem kurzfristigen Wegfall von schon eingeplanten Auftr\u00e4gen, hat <\/span><span style=\"font-family: 'arial black', sans-serif;\"><strong>UCMP<\/strong> <\/span><span style=\"font-family: arial, helvetica, sans-serif;\">beschlossen, zur Sicherheit aller Mitarbeiter*innen und Mitwirkenden sowie R\u00fccksicht gegen\u00fcber besonders gef\u00e4hrdeten Mitmenschen, die aktuellen Arbeiten und die Weiterentwicklung unserer Projekte sowie geplante Dreharbeiten &#8211; so weit wie m\u00f6glich &#8211; bis auf Weiteres auszusetzen, da wir die momentan geltenden Kontakteinschr\u00e4nkungen und Sicherheitsvorkehrungen sonst nicht gew\u00e4hrleisten k\u00f6nnten. Auch das <\/span><strong style=\"font-family: arial, helvetica, sans-serif;\">Produktionsb\u00fcro<\/strong><span style=\"font-family: arial, helvetica, sans-serif;\"> in der <\/span><strong style=\"font-family: arial, helvetica, sans-serif;\">Pappelallee 27<\/strong><span style=\"font-family: arial, helvetica, sans-serif;\"> wird nun kurzfristig aufgel\u00f6st.\u00a0<\/span>[\/vc_column_text][\/vc_column][\/vc_row][vc_row][vc_column][vc_column_text]<span style=\"font-family: Calibri, sans-serif;\">Wir \u00fcben uns in diesen Zeiten ein wenig in Geduld, denken \u00fcber aktuelle und neue Projekte nach und hoffen, dass wir dies alle gemeinsam gut \u00fcberstehen, um danach im Kollektiv umso enthusiastischer wieder an die Arbeit gehen zu k\u00f6nnen.<\/span>[\/vc_column_text][\/vc_column][\/vc_row][vc_row][vc_column][\/vc_column][\/vc_row]<\/p>\n<\/div>","protected":false},"excerpt":{"rendered":"<p>[vc_row][vc_column][vc_column_text]Aufgrund der aktuellen Coronakrise, hervorgerufen durch den\u00a0Virus Sars-CoV-2 und die daraus\u00a0resultierende\u00a0Lungenkrankheit Covid-19, und der daraus folgenden Ausnahmesituation sowie dem kurzfristigen Wegfall von schon eingeplanten Auftr\u00e4gen, hat UCMP beschlossen, zur Sicherheit aller Mitarbeiter*innen und Mitwirkenden sowie R\u00fccksicht gegen\u00fcber besonders gef\u00e4hrdeten Mitmenschen, die aktuellen Arbeiten und die Weiterentwicklung unserer Projekte sowie geplante Dreharbeiten &#8211; so weit wie&hellip;<\/p>\n","protected":false},"author":2,"featured_media":31608,"comment_status":"closed","ping_status":"closed","sticky":false,"template":"","format":"standard","meta":{"footnotes":""},"categories":[5545,8,5409,13],"tags":[5493,5546,5506,5500,5503,5497,5496,5499,5498],"class_list":["post-31579","post","type-post","status-publish","format-standard","has-post-thumbnail","hentry","category-film","category-filmproduktion","category-firma","category-news","tag-corona","tag-coronakrise-2","tag-covid-19","tag-pappelallee-27","tag-produktionsbuero","tag-sars-cov-2","tag-virus","tag-wrangelstrasse-79","tag-zwangspause","category-5545","category-8","category-5409","category-13","description-off"],"_links":{"self":[{"href":"https:\/\/ucmp.de\/de\/wp-json\/wp\/v2\/posts\/31579","targetHints":{"allow":["GET"]}}],"collection":[{"href":"https:\/\/ucmp.de\/de\/wp-json\/wp\/v2\/posts"}],"about":[{"href":"https:\/\/ucmp.de\/de\/wp-json\/wp\/v2\/types\/post"}],"author":[{"embeddable":true,"href":"https:\/\/ucmp.de\/de\/wp-json\/wp\/v2\/users\/2"}],"replies":[{"embeddable":true,"href":"https:\/\/ucmp.de\/de\/wp-json\/wp\/v2\/comments?post=31579"}],"version-history":[{"count":5,"href":"https:\/\/ucmp.de\/de\/wp-json\/wp\/v2\/posts\/31579\/revisions"}],"predecessor-version":[{"id":31611,"href":"https:\/\/ucmp.de\/de\/wp-json\/wp\/v2\/posts\/31579\/revisions\/31611"}],"wp:featuredmedia":[{"embeddable":true,"href":"https:\/\/ucmp.de\/de\/wp-json\/wp\/v2\/media\/31608"}],"wp:attachment":[{"href":"https:\/\/ucmp.de\/de\/wp-json\/wp\/v2\/media?parent=31579"}],"wp:term":[{"taxonomy":"category","embeddable":true,"href":"https:\/\/ucmp.de\/de\/wp-json\/wp\/v2\/categories?post=31579"},{"taxonomy":"post_tag","embeddable":true,"href":"https:\/\/ucmp.de\/de\/wp-json\/wp\/v2\/tags?post=31579"}],"curies":[{"name":"wp","href":"https:\/\/api.w.org\/{rel}","templated":true}]}}